{"id":358,"date":"2022-10-18T10:50:37","date_gmt":"2022-10-18T10:50:37","guid":{"rendered":"https:\/\/turrahistorica.com\/?p=358"},"modified":"2022-10-18T15:43:56","modified_gmt":"2022-10-18T15:43:56","slug":"un-guardia-civil-en-una-chabola","status":"publish","type":"post","link":"https:\/\/turrahistorica.com\/index.php\/2022\/10\/18\/un-guardia-civil-en-una-chabola\/","title":{"rendered":"Un guardia civil en una chabola"},"content":{"rendered":"\n<blockquote class=\"wp-block-quote\"><p>Desde 1939 hasta bien entrados los a\u00f1os 70 un porcentaje importante de la poblaci\u00f3n madrile\u00f1a vivir\u00e1 en infravivienda, una parte de ella directamente chabolista<\/p><\/blockquote>\n\n\n\n<h2 class=\"wp-block-heading\">La guerra civil y su destrucci\u00f3n de vivienda<\/h2>\n\n\n\n<p>La guerra civil espa\u00f1ola provoc\u00f3 una destrucci\u00f3n tal en todo el pa\u00eds que una gran masa de poblaci\u00f3n tuvo que desplazarse para escapar de lugares que ya ni eran productivos ni en muchos casos seguros debido a la represi\u00f3n que tuvo lugar posteriormente. Se esconder\u00e1n en las grandes ciudades, donde en condiciones m\u00edseras intentar\u00e1n sobrevivir.<\/p>\n\n\n\n<p>Los que se quedaron en las ciudades no lo pasaron tampoco mucho mejor. Por ejemplo, en un Madrid que no ser\u00eda tomado por el bando vencedor hasta que se rindi\u00f3 con la ca\u00edda de la Rep\u00fablica, los estragos de los bombardeos hab\u00edan hecho mella en las calles y las casas.<\/p>\n\n\n\n<p>La destrucci\u00f3n afect\u00f3 a casi toda la ciudad, pero se ceb\u00f3 especialmente en las zonas de frente, y dentro de ellas los barrios m\u00e1s humildes, como Vallecas y Usera, que resistieron durante 3 a\u00f1os los avances del ej\u00e9rcito liderado por Francisco Franco.<\/p>\n\n\n\n<figure class=\"wp-block-image size-large\"><img fetchpriority=\"high\" decoding=\"async\" width=\"1024\" height=\"676\" src=\"https:\/\/turrahistorica.com\/wp-content\/uploads\/2022\/10\/chabolas-antonio-lopez-1024x676.png\" alt=\"\" class=\"wp-image-371\" srcset=\"https:\/\/turrahistorica.com\/wp-content\/uploads\/2022\/10\/chabolas-antonio-lopez-1024x676.png 1024w, https:\/\/turrahistorica.com\/wp-content\/uploads\/2022\/10\/chabolas-antonio-lopez-300x198.png 300w, https:\/\/turrahistorica.com\/wp-content\/uploads\/2022\/10\/chabolas-antonio-lopez-768x507.png 768w, https:\/\/turrahistorica.com\/wp-content\/uploads\/2022\/10\/chabolas-antonio-lopez.png 1130w\" sizes=\"(max-width: 1024px) 100vw, 1024px\" \/><figcaption>Chabolas en la calle Antonio Lopez, 1945.. Foto extra\u00edda de Martinez Aranda, M\u00aa Adoraci\u00f3n (2020)<\/figcaption><\/figure>\n\n\n\n<p>Ser frente de guerra ya de por s\u00ed afect\u00f3 gravemente a estos barrios, pero otro motivo les convirti\u00f3 en objetivo: ser se\u00f1alados por los movimientos fascistas espa\u00f1oles como baluartes de los movimientos comunistas y anarquistas en la ciudad, un lugar a limpiar de todo rastro \u00abrojo\u00bb<\/p>\n\n\n\n<p>El resultado fue una devastaci\u00f3n en los alrededores de Madrid que condujo a muchas personas a tener que buscar refugio donde fuese. Y hablamos no ya de solo madrile\u00f1os, sino de una gran masa de inmigrantes y refugiados de otras zonas del pa\u00eds que hab\u00edan buscado refugio durante la guerra. <\/p>\n\n\n\n<h2 class=\"wp-block-heading\">Tipos de infravivienda de posguerra<\/h2>\n\n\n\n<p>A\u00fan en el a\u00f1o 61 en la  memoria del Anteproyecto de Decreto-Ley sobre el&nbsp;Plan de Absorci\u00f3n de Chabolas realizado por  las autoridades franquistas quedar\u00eda reflejado que hab\u00eda una parte importante de la poblaci\u00f3n que viv\u00eda en  3 tipos de vivienda muy precaria que perviv\u00edan en la ciudad m\u00e1s de 20 a\u00f1os despu\u00e9s de la guerra civil. La memoria habla de \u00abchabolas, cuevas y fortines\u00bb<\/p>\n\n\n\n<p>Las chabolas es quiz\u00e1s el tipo de infravivienda m\u00e1s conocida, casas bajas, de peque\u00f1o tama\u00f1o y un dato clave: autoconstruidas. La autoconstrucci\u00f3n las distinguir\u00e1 de manera fundamental. Aparecer\u00e1n alrededor de toda la ciudad, rodeando los l\u00edmites de la ciudad por sus 4 costados. <\/p>\n\n\n\n<p>Pero tambi\u00e9n estar\u00e1n los fortines. Este tipo de infravivienda surgir\u00e1 con la guerra y se basar\u00e1 en la ocupaci\u00f3n de b\u00fankeres, trincheras, refugios y todo resto del conflicto en la ciudad. All\u00ed se cobijar\u00e1n cientos de personas. Los restos de estas construcciones tambi\u00e9n servir\u00e1n para construir nuevas chabolas.<\/p>\n\n\n\n<div class=\"wp-block-image\"><figure class=\"aligncenter size-full\"><img decoding=\"async\" width=\"544\" height=\"650\" src=\"https:\/\/turrahistorica.com\/wp-content\/uploads\/2022\/10\/deposito-municiones-chabola-fuencarral.png\" alt=\"\" class=\"wp-image-372\" srcset=\"https:\/\/turrahistorica.com\/wp-content\/uploads\/2022\/10\/deposito-municiones-chabola-fuencarral.png 544w, https:\/\/turrahistorica.com\/wp-content\/uploads\/2022\/10\/deposito-municiones-chabola-fuencarral-251x300.png 251w\" sizes=\"(max-width: 544px) 100vw, 544px\" \/><figcaption>Dep\u00f3sito de municiones existente entre la carretera a Fuencarral (Madrid-Ir\u00fan), y la nueva carretera Madrid-Burgos. Habitada por un matrimonio y cuatro hijos.  Extra\u00eddo de Martinez Aranda, M\u00aa Adoraci\u00f3n (2020)<\/figcaption><\/figure><\/div>\n\n\n\n<p>Y por \u00faltimo las cuevas. Era una forma tradicional de los estratos m\u00e1s humildes de la sociedad madrile\u00f1a. Desde antiguo se hab\u00edan cobijado en las Cuevas de Principe Pio, Guzm\u00e1n el Bueno o junto al Arroyo Abro\u00f1igal. La guerra empujar\u00e1 a todav\u00eda m\u00e1s personas a estos refugios naturales<\/p>\n\n\n\n<p>As\u00ed llegar\u00e1 a vivir hasta un 7% de la poblaci\u00f3n madrile\u00f1a en la posguerra, en situaciones muy dif\u00edciles, y adem\u00e1s sufriendo persecuci\u00f3n e incluso especulaci\u00f3n<\/p>\n\n\n\n<h2 class=\"wp-block-heading\">La especulaci\u00f3n con la miseria<\/h2>\n\n\n\n<p>Ante la falta de vivienda para la poblaci\u00f3n inmigrada y aquellos que hab\u00edan perdido su hogar durante la contienda como vemos mucha gente tuvo que buscarse un refugio donde fuera.<\/p>\n\n\n\n<p>Las autoridades franquistas a pesar de afirmar que estaban dando un hogar digno a todos los espa\u00f1oles que no lo necesitaran en realidad estaban totalmente sobrepasados por la situaci\u00f3n. La Obra Sindical y del Hogar fue su principal \u00f3rgano ejecutor de construcci\u00f3n de vivienda, pero fue altamente ineficaz en los primeros 15 a\u00f1os de andadura. Por otro lado su brazo represor, sobre todo a trav\u00e9s de la Guardia Civil no era capaz de parar la construcci\u00f3n de chabolas y la ocupaci\u00f3n de cuevas.<\/p>\n\n\n\n<p>Ante esta situaci\u00f3n, el gobierno franquista dej\u00f3 hacer. Particulares y empresas comenzaron a comprar terreno verde o r\u00fastico, parcelarlo y venderlo a aquellos que necesitaban construirse su precaria vivienda. La situaci\u00f3n ser\u00e1 tan abusiva que incluso algunos de ellos obligar\u00e1n a los chabolistas a comprarles los materiales con los que deb\u00edan construir sus hogares.<\/p>\n\n\n\n<figure class=\"wp-block-image size-large\"><img decoding=\"async\" width=\"1024\" height=\"685\" src=\"https:\/\/turrahistorica.com\/wp-content\/uploads\/2022\/10\/pozo-del-tio-raimundo-preremodelacion-1024x685.png\" alt=\"\" class=\"wp-image-370\" srcset=\"https:\/\/turrahistorica.com\/wp-content\/uploads\/2022\/10\/pozo-del-tio-raimundo-preremodelacion-1024x685.png 1024w, https:\/\/turrahistorica.com\/wp-content\/uploads\/2022\/10\/pozo-del-tio-raimundo-preremodelacion-300x201.png 300w, https:\/\/turrahistorica.com\/wp-content\/uploads\/2022\/10\/pozo-del-tio-raimundo-preremodelacion-768x513.png 768w, https:\/\/turrahistorica.com\/wp-content\/uploads\/2022\/10\/pozo-del-tio-raimundo-preremodelacion.png 1382w\" sizes=\"(max-width: 1024px) 100vw, 1024px\" \/><figcaption>El Pozo del Tio Raimundo y sus hileras de chabolas. Ejemplo de venta ilegal de terreno para construcci\u00f3n <\/figcaption><\/figure>\n\n\n\n<p>As\u00ed una serie de empresarios se enriquecer\u00e1n r\u00e1pidamente a lo largo de los a\u00f1os 40 y 50.<\/p>\n\n\n\n<h2 class=\"wp-block-heading\">Funcionarios en chabolas<\/h2>\n\n\n\n<p>Los a\u00f1os 60 marcar\u00e1n el comienzo de una nueva etapa del r\u00e9gimen. Se buscar\u00e1 eliminar el chabolismo en Madrid, una de las lacras de la ciudad que restaban lustre a la capital del Franquismo.<\/p>\n\n\n\n<p>As\u00ed se pondr\u00e1 en marcha un programa represivo que perseguir\u00e1 a los chabolistas y comenzar\u00e1 la expulsi\u00f3n y demolici\u00f3n de grandes masas de viviendas.<\/p>\n\n\n\n<p>Pero la falta de vivienda social y econ\u00f3mica para la poblaci\u00f3n ser\u00e1 tal que estas expulsiones en ocasiones ver\u00e1n seguidas por nuevas ocupaciones, estas permitidas. El Estado ceder\u00e1 estas chabolas a funcionarios que no dispon\u00edan de medios suficientes para garantizarse un hogar.<\/p>\n\n\n\n<p>Hasta ese punto llegaba la carest\u00eda de vivienda y la falta de recursos de los madrile\u00f1os, incluidos aquellos que trabajaban para el Estado, en teor\u00eda mejor posicionados.<\/p>\n\n\n\n<p>As\u00ed encontramos la foto de este Guardia Civil que estaba habitando una chabola con su familia de 5 miembros.<\/p>\n\n\n\n<div class=\"wp-block-image\"><figure class=\"aligncenter size-full\"><img loading=\"lazy\" decoding=\"async\" width=\"548\" height=\"898\" src=\"http:\/\/turrahistorica.com\/wp-content\/uploads\/2022\/10\/Screenshot-2022-09-11-at-09.43.48.png\" alt=\"\" class=\"wp-image-368\" srcset=\"https:\/\/turrahistorica.com\/wp-content\/uploads\/2022\/10\/Screenshot-2022-09-11-at-09.43.48.png 548w, https:\/\/turrahistorica.com\/wp-content\/uploads\/2022\/10\/Screenshot-2022-09-11-at-09.43.48-183x300.png 183w\" sizes=\"(max-width: 548px) 100vw, 548px\" \/><figcaption>Esta ficha corresponde al primer intento serio de registrar y clasificar todas las chabolas en Madrid y a sus habitantes, una iniciativa que naci\u00f3 a mediados de los 50 y continu\u00f3 durante los 60. Foto extra\u00edda de Martinez Aranda, M\u00aa Adoraci\u00f3n (2020)<\/figcaption><\/figure><\/div>\n\n\n\n<h2 class=\"wp-block-heading\">Destrucci\u00f3n y nueva vivienda social<\/h2>\n\n\n\n<p>Los primeros n\u00facleos en caer ser\u00e1n aquellos con un valor del suelo mayor, dado que la expansi\u00f3n de la ciudad poco a poco hab\u00eda ido absorbi\u00e9ndolos. Ser\u00e1 el caso de las chabolas de Jaime El Conquistador y Ventilla.<\/p>\n\n\n\n<p>Todas estas personas en teor\u00eda ser\u00e1n recolocadas en nuevas viviendas. En realidad muchas de ellas no podr\u00e1n acceder a ellas, ante unos precios, que aunque altamente subvencionados ser\u00edan todav\u00eda inasequibles para ellas.<\/p>\n\n\n\n<p>Los m\u00e1s afortunados conseguir\u00e1n parad\u00f3jicamente su hogar gracias a un nuevo tipo de autoconstrucci\u00f3n, esta dirigida por profesionales arquitectos contratados por el Ministerio de Vivienda. Ser\u00e1n los Poblados Dirigidos, un exitoso experimento en el cu\u00e1l aquellas personas que no pod\u00edan dar el adelanto necesario para comprar la nueva vivienda, pod\u00edan sustituirlo con su propio trabajo en la obra.<\/p>\n\n\n\n<h2 class=\"wp-block-heading\">Escucha la historia completa en el podcast de Turra Hist\u00f3rica<\/h2>\n\n\n\n<p>Ya disponible en iVoox, Google Podcasts y iTunes.<\/p>\n\n\n\n<iframe src=\"https:\/\/www.ivoox.com\/player_ej_92130018_6_1.html?c1=ec9e12\" width=\"100%\" height=\"200\" frameborder=\"0\" allowfullscreen=\"\" scrolling=\"no\" loading=\"lazy\"><\/iframe>\n\n\n\n<p>Toda la bibliograf\u00eda y referencia en el Podcast. Para esta entrada de blog fotos extra\u00eddas de:<\/p>\n\n\n\n<p>Martinez Aranda, M\u00aa Adoraci\u00f3n (2020) De migraciones y chabolas: pol\u00edticas de control y resistencias cotidianas en los suburbios madrile\u00f1os durante la Dictadura franquista.Experiencias de vecinas en Vallecas. <\/p>\n\n\n\n<p><\/p>\n","protected":false},"excerpt":{"rendered":"<p>Desde 1939 hasta bien entrados los a\u00f1os 70 un porcentaje importante de la poblaci\u00f3n madrile\u00f1a vivir\u00e1 en infravivienda, una parte de ella directamente chabolista<\/p>\n","protected":false},"author":1,"featured_media":368,"comment_status":"open","ping_status":"open","sticky":false,"template":"","format":"standard","meta":{"om_disable_all_campaigns":false,"_monsterinsights_skip_tracking":false,"_monsterinsights_sitenote_active":false,"_monsterinsights_sitenote_note":"","_monsterinsights_sitenote_category":0},"categories":[17,19,24],"tags":[21,23,22],"yoast_head":"<!-- This site is optimized with the Yoast SEO plugin v17.5 - https:\/\/yoast.com\/wordpress\/plugins\/seo\/ -->\n<title>Un guardia civil en una chabola - Turra Hist\u00f3rica<\/title>\n<meta name=\"robots\" content=\"index, follow, max-snippet:-1, max-image-preview:large, max-video-preview:-1\" \/>\n<link rel=\"canonical\" href=\"https:\/\/turrahistorica.com\/index.php\/2022\/10\/18\/un-guardia-civil-en-una-chabola\/\" \/>\n<meta property=\"og:locale\" content=\"es_ES\" \/>\n<meta property=\"og:type\" content=\"article\" \/>\n<meta property=\"og:title\" content=\"Un guardia civil en una chabola - Turra Hist\u00f3rica\" \/>\n<meta property=\"og:description\" content=\"Desde 1939 hasta bien entrados los a\u00f1os 70 un porcentaje importante de la poblaci\u00f3n madrile\u00f1a vivir\u00e1 en infravivienda, una parte de ella directamente chabolista\" \/>\n<meta property=\"og:url\" content=\"https:\/\/turrahistorica.com\/index.php\/2022\/10\/18\/un-guardia-civil-en-una-chabola\/\" \/>\n<meta property=\"og:site_name\" content=\"Turra Hist\u00f3rica\" \/>\n<meta property=\"article:published_time\" content=\"2022-10-18T10:50:37+00:00\" \/>\n<meta property=\"article:modified_time\" content=\"2022-10-18T15:43:56+00:00\" \/>\n<meta property=\"og:image\" content=\"http:\/\/turrahistorica.com\/wp-content\/uploads\/2022\/10\/Screenshot-2022-09-11-at-09.43.48.png\" \/>\n\t<meta property=\"og:image:width\" content=\"548\" \/>\n\t<meta property=\"og:image:height\" content=\"898\" \/>\n<meta name=\"twitter:card\" content=\"summary_large_image\" \/>\n<meta name=\"twitter:label1\" content=\"Escrito por\" \/>\n\t<meta name=\"twitter:data1\" content=\"juliomonleon\" \/>\n\t<meta name=\"twitter:label2\" content=\"Tiempo de lectura\" \/>\n\t<meta name=\"twitter:data2\" content=\"6 minutos\" \/>\n<script type=\"application\/ld+json\" class=\"yoast-schema-graph\">{\"@context\":\"https:\/\/schema.org\",\"@graph\":[{\"@type\":\"WebSite\",\"@id\":\"https:\/\/turrahistorica.com\/#website\",\"url\":\"https:\/\/turrahistorica.com\/\",\"name\":\"Turra Hist\\u00f3rica\",\"description\":\"La historia de Madrid que nunca te contar\\u00e1n\",\"potentialAction\":[{\"@type\":\"SearchAction\",\"target\":{\"@type\":\"EntryPoint\",\"urlTemplate\":\"https:\/\/turrahistorica.com\/?s={search_term_string}\"},\"query-input\":\"required name=search_term_string\"}],\"inLanguage\":\"es\"},{\"@type\":\"ImageObject\",\"@id\":\"https:\/\/turrahistorica.com\/index.php\/2022\/10\/18\/un-guardia-civil-en-una-chabola\/#primaryimage\",\"inLanguage\":\"es\",\"url\":\"https:\/\/turrahistorica.com\/wp-content\/uploads\/2022\/10\/Screenshot-2022-09-11-at-09.43.48.png\",\"contentUrl\":\"https:\/\/turrahistorica.com\/wp-content\/uploads\/2022\/10\/Screenshot-2022-09-11-at-09.43.48.png\",\"width\":548,\"height\":898},{\"@type\":\"WebPage\",\"@id\":\"https:\/\/turrahistorica.com\/index.php\/2022\/10\/18\/un-guardia-civil-en-una-chabola\/#webpage\",\"url\":\"https:\/\/turrahistorica.com\/index.php\/2022\/10\/18\/un-guardia-civil-en-una-chabola\/\",\"name\":\"Un guardia civil en una chabola - Turra Hist\\u00f3rica\",\"isPartOf\":{\"@id\":\"https:\/\/turrahistorica.com\/#website\"},\"primaryImageOfPage\":{\"@id\":\"https:\/\/turrahistorica.com\/index.php\/2022\/10\/18\/un-guardia-civil-en-una-chabola\/#primaryimage\"},\"datePublished\":\"2022-10-18T10:50:37+00:00\",\"dateModified\":\"2022-10-18T15:43:56+00:00\",\"author\":{\"@id\":\"https:\/\/turrahistorica.com\/#\/schema\/person\/f5d032b12f8d059492cfb16f07cae6c9\"},\"breadcrumb\":{\"@id\":\"https:\/\/turrahistorica.com\/index.php\/2022\/10\/18\/un-guardia-civil-en-una-chabola\/#breadcrumb\"},\"inLanguage\":\"es\",\"potentialAction\":[{\"@type\":\"ReadAction\",\"target\":[\"https:\/\/turrahistorica.com\/index.php\/2022\/10\/18\/un-guardia-civil-en-una-chabola\/\"]}]},{\"@type\":\"BreadcrumbList\",\"@id\":\"https:\/\/turrahistorica.com\/index.php\/2022\/10\/18\/un-guardia-civil-en-una-chabola\/#breadcrumb\",\"itemListElement\":[{\"@type\":\"ListItem\",\"position\":1,\"name\":\"Home\",\"item\":\"https:\/\/turrahistorica.com\/\"},{\"@type\":\"ListItem\",\"position\":2,\"name\":\"Un guardia civil en una chabola\"}]},{\"@type\":\"Person\",\"@id\":\"https:\/\/turrahistorica.com\/#\/schema\/person\/f5d032b12f8d059492cfb16f07cae6c9\",\"name\":\"juliomonleon\",\"image\":{\"@type\":\"ImageObject\",\"@id\":\"https:\/\/turrahistorica.com\/#personlogo\",\"inLanguage\":\"es\",\"url\":\"https:\/\/secure.gravatar.com\/avatar\/a2c9ba10cbf81e8af9e14cc300409bf8?s=96&d=mm&r=g\",\"contentUrl\":\"https:\/\/secure.gravatar.com\/avatar\/a2c9ba10cbf81e8af9e14cc300409bf8?s=96&d=mm&r=g\",\"caption\":\"juliomonleon\"},\"sameAs\":[\"http:\/\/turrahistorica.com\"],\"url\":\"https:\/\/turrahistorica.com\/index.php\/author\/juliomonleon\/\"}]}<\/script>\n<!-- \/ Yoast SEO plugin. -->","yoast_head_json":{"title":"Un guardia civil en una chabola - Turra Hist\u00f3rica","robots":{"index":"index","follow":"follow","max-snippet":"max-snippet:-1","max-image-preview":"max-image-preview:large","max-video-preview":"max-video-preview:-1"},"canonical":"https:\/\/turrahistorica.com\/index.php\/2022\/10\/18\/un-guardia-civil-en-una-chabola\/","og_locale":"es_ES","og_type":"article","og_title":"Un guardia civil en una chabola - Turra Hist\u00f3rica","og_description":"Desde 1939 hasta bien entrados los a\u00f1os 70 un porcentaje importante de la poblaci\u00f3n madrile\u00f1a vivir\u00e1 en infravivienda, una parte de ella directamente chabolista","og_url":"https:\/\/turrahistorica.com\/index.php\/2022\/10\/18\/un-guardia-civil-en-una-chabola\/","og_site_name":"Turra Hist\u00f3rica","article_published_time":"2022-10-18T10:50:37+00:00","article_modified_time":"2022-10-18T15:43:56+00:00","og_image":[{"width":548,"height":898,"url":"http:\/\/turrahistorica.com\/wp-content\/uploads\/2022\/10\/Screenshot-2022-09-11-at-09.43.48.png","type":"image\/png"}],"twitter_card":"summary_large_image","twitter_misc":{"Escrito por":"juliomonleon","Tiempo de lectura":"6 minutos"},"schema":{"@context":"https:\/\/schema.org","@graph":[{"@type":"WebSite","@id":"https:\/\/turrahistorica.com\/#website","url":"https:\/\/turrahistorica.com\/","name":"Turra Hist\u00f3rica","description":"La historia de Madrid que nunca te contar\u00e1n","potentialAction":[{"@type":"SearchAction","target":{"@type":"EntryPoint","urlTemplate":"https:\/\/turrahistorica.com\/?s={search_term_string}"},"query-input":"required name=search_term_string"}],"inLanguage":"es"},{"@type":"ImageObject","@id":"https:\/\/turrahistorica.com\/index.php\/2022\/10\/18\/un-guardia-civil-en-una-chabola\/#primaryimage","inLanguage":"es","url":"https:\/\/turrahistorica.com\/wp-content\/uploads\/2022\/10\/Screenshot-2022-09-11-at-09.43.48.png","contentUrl":"https:\/\/turrahistorica.com\/wp-content\/uploads\/2022\/10\/Screenshot-2022-09-11-at-09.43.48.png","width":548,"height":898},{"@type":"WebPage","@id":"https:\/\/turrahistorica.com\/index.php\/2022\/10\/18\/un-guardia-civil-en-una-chabola\/#webpage","url":"https:\/\/turrahistorica.com\/index.php\/2022\/10\/18\/un-guardia-civil-en-una-chabola\/","name":"Un guardia civil en una chabola - Turra Hist\u00f3rica","isPartOf":{"@id":"https:\/\/turrahistorica.com\/#website"},"primaryImageOfPage":{"@id":"https:\/\/turrahistorica.com\/index.php\/2022\/10\/18\/un-guardia-civil-en-una-chabola\/#primaryimage"},"datePublished":"2022-10-18T10:50:37+00:00","dateModified":"2022-10-18T15:43:56+00:00","author":{"@id":"https:\/\/turrahistorica.com\/#\/schema\/person\/f5d032b12f8d059492cfb16f07cae6c9"},"breadcrumb":{"@id":"https:\/\/turrahistorica.com\/index.php\/2022\/10\/18\/un-guardia-civil-en-una-chabola\/#breadcrumb"},"inLanguage":"es","potentialAction":[{"@type":"ReadAction","target":["https:\/\/turrahistorica.com\/index.php\/2022\/10\/18\/un-guardia-civil-en-una-chabola\/"]}]},{"@type":"BreadcrumbList","@id":"https:\/\/turrahistorica.com\/index.php\/2022\/10\/18\/un-guardia-civil-en-una-chabola\/#breadcrumb","itemListElement":[{"@type":"ListItem","position":1,"name":"Home","item":"https:\/\/turrahistorica.com\/"},{"@type":"ListItem","position":2,"name":"Un guardia civil en una chabola"}]},{"@type":"Person","@id":"https:\/\/turrahistorica.com\/#\/schema\/person\/f5d032b12f8d059492cfb16f07cae6c9","name":"juliomonleon","image":{"@type":"ImageObject","@id":"https:\/\/turrahistorica.com\/#personlogo","inLanguage":"es","url":"https:\/\/secure.gravatar.com\/avatar\/a2c9ba10cbf81e8af9e14cc300409bf8?s=96&d=mm&r=g","contentUrl":"https:\/\/secure.gravatar.com\/avatar\/a2c9ba10cbf81e8af9e14cc300409bf8?s=96&d=mm&r=g","caption":"juliomonleon"},"sameAs":["http:\/\/turrahistorica.com"],"url":"https:\/\/turrahistorica.com\/index.php\/author\/juliomonleon\/"}]}},"_links":{"self":[{"href":"https:\/\/turrahistorica.com\/index.php\/wp-json\/wp\/v2\/posts\/358"}],"collection":[{"href":"https:\/\/turrahistorica.com\/index.php\/wp-json\/wp\/v2\/posts"}],"about":[{"href":"https:\/\/turrahistorica.com\/index.php\/wp-json\/wp\/v2\/types\/post"}],"author":[{"embeddable":true,"href":"https:\/\/turrahistorica.com\/index.php\/wp-json\/wp\/v2\/users\/1"}],"replies":[{"embeddable":true,"href":"https:\/\/turrahistorica.com\/index.php\/wp-json\/wp\/v2\/comments?post=358"}],"version-history":[{"count":10,"href":"https:\/\/turrahistorica.com\/index.php\/wp-json\/wp\/v2\/posts\/358\/revisions"}],"predecessor-version":[{"id":377,"href":"https:\/\/turrahistorica.com\/index.php\/wp-json\/wp\/v2\/posts\/358\/revisions\/377"}],"wp:featuredmedia":[{"embeddable":true,"href":"https:\/\/turrahistorica.com\/index.php\/wp-json\/wp\/v2\/media\/368"}],"wp:attachment":[{"href":"https:\/\/turrahistorica.com\/index.php\/wp-json\/wp\/v2\/media?parent=358"}],"wp:term":[{"taxonomy":"category","embeddable":true,"href":"https:\/\/turrahistorica.com\/index.php\/wp-json\/wp\/v2\/categories?post=358"},{"taxonomy":"post_tag","embeddable":true,"href":"https:\/\/turrahistorica.com\/index.php\/wp-json\/wp\/v2\/tags?post=358"}],"curies":[{"name":"wp","href":"https:\/\/api.w.org\/{rel}","templated":true}]}}