{"id":321,"date":"2022-07-30T09:07:33","date_gmt":"2022-07-30T09:07:33","guid":{"rendered":"https:\/\/turrahistorica.com\/?p=321"},"modified":"2022-07-30T09:17:59","modified_gmt":"2022-07-30T09:17:59","slug":"otra-vision-de-duelo-a-garrotazos-de-goya","status":"publish","type":"post","link":"https:\/\/turrahistorica.com\/index.php\/2022\/07\/30\/otra-vision-de-duelo-a-garrotazos-de-goya\/","title":{"rendered":"Otra visi\u00f3n de Duelo a Garrotazos de Goya"},"content":{"rendered":"\n<blockquote class=\"wp-block-quote\"><p>Arrancada de las paredes de la Quinta del Sordo Duelo a garrotazos es una de las obras con m\u00e1s interpretaciones De Goya. Sin t\u00edtulo originalmente, sus protagonistas han generado todo tipo de conjeturas.<\/p><\/blockquote>\n\n\n\n<p><\/p>\n\n\n\n<p>Desde 1819 Goya vivi\u00f3, casi se retir\u00f3, a una casa de campo a las afueras de Madrid. Era un edificio, por los indicios que se tienen, de dos plantas en el que vivir\u00eda hasta 1824 cuando partir\u00eda hacia Burdeos. En sus paredes pintar\u00eda las conocidas como Pinturas Negras, quiz\u00e1s de sus obras m\u00e1s conocidas y tambi\u00e9n tenebrosas.<\/p>\n\n\n\n<p>Este periodo del pintor en este caser\u00f3n ha cargado siempre con la leyenda negra de ser un periodo de tristeza e incluso de locura del pintor. Pero parece que no es el caso. Las Pinturas Negras no deber\u00edan verse como consecuencia de una especie de p\u00e9rdida de la raz\u00f3n debido a la senectud o de un periodo de depresi\u00f3n.<\/p>\n\n\n\n<p>Y si queda alguna duda bastan sus cartas y escritos poco despu\u00e9s desde Burdeos. En esta, la \u00faltima etapa de su vida y ya con 78 a\u00f1os rebosaba vitalidad y creatividad. Quer\u00eda explorar nuevas cosas, y nos dejar\u00eda en esta etapa trabajos tan impresionantes como los dibujos contenidos en los conocidos como Cuadernos G y H. De este periodo nos dej\u00f3 en una carta esta gran voluntad de crear en una frase \u00abSolo la voluntad me sobra\u00bb.<\/p>\n\n\n\n<div class=\"wp-block-image\"><figure class=\"aligncenter size-full\"><img fetchpriority=\"high\" decoding=\"async\" width=\"477\" height=\"600\" src=\"https:\/\/turrahistorica.com\/wp-content\/uploads\/2022\/07\/g-4-comprimida68596.jpg\" alt=\"\" class=\"wp-image-351\" srcset=\"https:\/\/turrahistorica.com\/wp-content\/uploads\/2022\/07\/g-4-comprimida68596.jpg 477w, https:\/\/turrahistorica.com\/wp-content\/uploads\/2022\/07\/g-4-comprimida68596-239x300.jpg 239w\" sizes=\"(max-width: 477px) 100vw, 477px\" \/><figcaption>\u00abAnimal de letras\u00bb del Cuaderno de Burdeos. Nada que ver con las Pinturas Negras pero no puedo evitar mostrar como la imaginaci\u00f3n y arte del maestro estaba en plena forma en la \u00faltima etapa de su vida <\/figcaption><\/figure><\/div>\n\n\n\n<p>Es posible s\u00ed, que justamente este despertar en Burdeos se pueda ver como en contraposici\u00f3n con un momento l\u00fagubre y de problemas creativos para el propio Goya en Madrid, ciudad donde seg\u00fan sus palabras se sent\u00eda atrapado.<\/p>\n\n\n\n<p>Aunque no est\u00e1 de m\u00e1s decir que tampoco es que en Burdeos fuese totalmente libre. Sus protectores insistieron en seguir publicando su obra m\u00e1s conocida Los Caprichos, algo que no entusi\u00e1smaba al autor y que adem\u00e1s no pod\u00eda hacer ya que ya no ten\u00eda las planchas originales, aunque esa es otra historia.<\/p>\n\n\n\n<h2 class=\"wp-block-heading\">Extra\u00eddas y expuestas en Par\u00eds<\/h2>\n\n\n\n<p>Pero volviendo a Las Pinturas Negras recordemos que se trataban de obras pintadas al oleo, no al fresco, que hubiese sido lo normal, en las paredes de su domicilio, muy cerca del R\u00edo Manzanares. Era la llamada Quinta del Sordo, que no se llamaba as\u00ed por Francisco de Goya, sino por un habitante anterior. <\/p>\n\n\n\n<p>Eran obras no fueron hechas para ser mostradas en p\u00fablico ni por encargo y quiz\u00e1s por eso mismo es su obra m\u00e1s personal. No ten\u00edan t\u00edtulos, y seg\u00fan las \u00faltimas investigaciones ni siquiera estar\u00edan divididas entre s\u00ed, sino que formaban un gran lienzo. Todos los t\u00edtulos que han recibido han sido por parte de bi\u00f3grafos, espectadores de las obras que pudieron verlas a\u00fan en las paredes de la casa e investigadores posteriores.<\/p>\n\n\n\n<p>En la planta de arriba estar\u00edan quiz\u00e1s las obras que m\u00e1s teor\u00edas ha suscitado, El Perro, La Romer\u00eda de San Isidro  y Duelo a Garrotazos. Estas dos obras, como veremos probablemente conectadas.   <\/p>\n\n\n\n<figure class=\"wp-block-image size-large\"><img decoding=\"async\" width=\"1024\" height=\"782\" src=\"https:\/\/turrahistorica.com\/wp-content\/uploads\/2022\/07\/Pinturas_Negras_de_Goya_22Duelo_a_garrotazos22_o_22La_rina22_fotografia_de_J._Laurent_en_1874_en_el_interior_de_la_Quinta_del_Sordo_posiblemente_con_iluminacion_electrica_VN-08122_P-1024x782.jpg\" alt=\"\" class=\"wp-image-352\" srcset=\"https:\/\/turrahistorica.com\/wp-content\/uploads\/2022\/07\/Pinturas_Negras_de_Goya_22Duelo_a_garrotazos22_o_22La_rina22_fotografia_de_J._Laurent_en_1874_en_el_interior_de_la_Quinta_del_Sordo_posiblemente_con_iluminacion_electrica_VN-08122_P-1024x782.jpg 1024w, https:\/\/turrahistorica.com\/wp-content\/uploads\/2022\/07\/Pinturas_Negras_de_Goya_22Duelo_a_garrotazos22_o_22La_rina22_fotografia_de_J._Laurent_en_1874_en_el_interior_de_la_Quinta_del_Sordo_posiblemente_con_iluminacion_electrica_VN-08122_P-300x229.jpg 300w, https:\/\/turrahistorica.com\/wp-content\/uploads\/2022\/07\/Pinturas_Negras_de_Goya_22Duelo_a_garrotazos22_o_22La_rina22_fotografia_de_J._Laurent_en_1874_en_el_interior_de_la_Quinta_del_Sordo_posiblemente_con_iluminacion_electrica_VN-08122_P-768x586.jpg 768w, https:\/\/turrahistorica.com\/wp-content\/uploads\/2022\/07\/Pinturas_Negras_de_Goya_22Duelo_a_garrotazos22_o_22La_rina22_fotografia_de_J._Laurent_en_1874_en_el_interior_de_la_Quinta_del_Sordo_posiblemente_con_iluminacion_electrica_VN-08122_P-1536x1173.jpg 1536w, https:\/\/turrahistorica.com\/wp-content\/uploads\/2022\/07\/Pinturas_Negras_de_Goya_22Duelo_a_garrotazos22_o_22La_rina22_fotografia_de_J._Laurent_en_1874_en_el_interior_de_la_Quinta_del_Sordo_posiblemente_con_iluminacion_electrica_VN-08122_P.jpg 1776w\" sizes=\"(max-width: 1024px) 100vw, 1024px\" \/><figcaption>Duelo a Garrotazos tal y como se encontraba en la Quinta. El t\u00edtulo de abajo se incluy\u00f3 posteriormente en El Prado al positivo fotogr\u00e1fico<\/figcaption><\/figure>\n\n\n\n<p>Todas ellas, o al menos de las que se tiene noticia, fueron extra\u00eddas de las paredes y de la casa a partir de 1874 por el entonces due\u00f1o de la Finca, el bar\u00f3n fr\u00e9d\u00e9ric \u00c9mile d\u2019erlanger. Un encargo que aunque se ha dicho con demasiada ligereza que se hizo con cierta brutalidad, ser\u00eda realizado por un restaurador profesional del museo del Prado salvador Mart\u00ednez Cubells, en un encargo que asumi\u00f3 de forma privada. <\/p>\n\n\n\n<p>Y Cubells se valer\u00e1 de fotograf\u00edas tomadas in-situ en sus paredes por un fot\u00f3grafo franc\u00e9s, Joan Laurent. Todo el proceso de toma de estas fotograf\u00edas y su importancia para la restauraci\u00f3n de las obras es descrita en el programa #16 de Turra Hist\u00f3rica de Madrid Podcast, esc\u00fachala aqu\u00ed.<\/p>\n\n\n\n<p>En 1878 las obras ser\u00edan trasladas a la Exposici\u00f3n Universal de Par\u00eds. Se expondr\u00edan junto a la zona dedicada a Espa\u00f1a junto a trajes folcl\u00f3ricos espa\u00f1oles. \u00bfQui\u00e9n se fijar\u00eda en ellas? <\/p>\n\n\n\n<h2 class=\"wp-block-heading\">La influencia en los impresionistas<\/h2>\n\n\n\n<p>He podido leer en muchos lugares, probablemente copiando una fuente com\u00fan, que las Pinturas Negras pasaron desapercibidas en Par\u00eds salvo para algunos impresionistas. No se concreta m\u00e1s.<\/p>\n\n\n\n<p>Sin embargo en la propia revista de la Exposici\u00f3n Universal le dedica un espacio y las describe como \u00abescenas fant\u00e1sticas y populares al mismo tiempo, donde el arte del maestro se muestra con todo su poder y toda su filosof\u00eda burlona y severa al mismo tiempo\u00bb<\/p>\n\n\n\n<p>Por lo tanto desde la propia organizaci\u00f3n de la Exposici\u00f3n se quer\u00eda destacar su obra, y adem\u00e1s sabiendo que la figura de Goya cada vez era m\u00e1s conocida en Francia.<\/p>\n\n\n\n<p>Apenas un a\u00f1o antes de la Exposici\u00f3n Universal de Par\u00eds, en 1877, en el H\u00f4tel Drouot se subastaron 105 dibujos De Goya. La notoriedad de esta subasta, unida a los cada vez m\u00e1s viajes de los artistas franceses a Espa\u00f1a dio mayor difusi\u00f3n al artista aragon\u00e9s en Francia.<\/p>\n\n\n\n<figure class=\"wp-block-image\"><img decoding=\"async\" src=\"https:\/\/historia.nationalgeographic.com.es\/medio\/2021\/01\/18\/retrato-cezanne_c2beade0_800x800.jpg\" alt=\"\u00c9douard Manet, un pintor incomprendido\"\/><figcaption>\u00c9douart Manet, uno de los primeros grandes aficionados a Goya en Francia<\/figcaption><\/figure>\n\n\n\n<p>Y eso no es todo, estaba La Galerie Espagnole del rey Louis Philippe d\u2019Orl\u00e9ans en el Louvre. Esta colecci\u00f3n abierta en 1838 y desmantelada definitivamente ( y sus obras vendidas) en 1853,  se cree que conten\u00eda entre obras de Velazquez y Zurbar\u00e1n entre otros 11 pinturas de Goya. Y sabemos tambi\u00e9n que esta colecci\u00f3n s\u00ed tuvo una  influencia en los artistas e intelectuales que pudieron verla.<\/p>\n\n\n\n<p> Y ser\u00e1 especialmente apreciado por dos artistas impresionistas, \u00c9douard Manet y Constantin Guys; y un escritor, Charles Baudelaire. Los tres muy conectados entre s\u00ed.<\/p>\n\n\n\n<p>Manet y Guys por ejemplo pintar\u00e1n una y otra vez de manera obsesiva distintas versiones de Majas en el Balc\u00f3n, una obra De Goya que pertenec\u00ed\u00f3 a La Galeria Espagnole, y que aparecer\u00e1 reproducida en el libro \u00abGoya\u00bb de Charles Yriarte, uno de los primeros bi\u00f3grafos del pintor.<\/p>\n\n\n\n<p>Baudelaire por su parte ya destac\u00f3 a Goya en 1857 escribiendo un art\u00edculo titulado \u00abQuelques caricaturistes \u00e9trangers\u00bb publicado en&nbsp;<em>Le Pr\u00e9sent<\/em>, y le dedic\u00f3 unos versos en una de sus libros m\u00e1s famosos, \u00abLas Flores del Mal\u00bb, del mismo a\u00f1o:<\/p>\n\n\n\n<blockquote class=\"wp-block-quote\"><p>Goya, pesadilla llena de cosas desconocidas,<\/p><p>Fetos que se hacen cocer en medio de los sabats,<\/p><p>Viejas ante el espejo y ni\u00f1as todas desnudas,<\/p><p>Para tentar los demonios ajustando bien sus medias;<\/p><cite>\u00abLos Faros\u00bb, poema contenido en \u00abLas Flores del Mal\u00bb de Charles Baudelaire (1857)<\/cite><\/blockquote>\n\n\n\n<p><\/p>\n\n\n\n<p>Baudelaire ser\u00e1 adem\u00e1s uno de los principales coleccionistas de la obra de Guys.<\/p>\n\n\n\n<p>Como vemos, en resumen, los impresionistas conoc\u00edan a Goya bien ya antes de 1878, as\u00ed que dada la publicidad que se dio al evento y a las Pinturas Negras desde la propia exhibici\u00f3n sin duda lo vieron los seguidores franceses del artista aragon\u00e9s.<\/p>\n\n\n\n<h2 class=\"wp-block-heading\">Lo que ocurr\u00eda junto a la Quinta<\/h2>\n\n\n\n<p>Seg\u00fan se cree La Quinta del Sordo se localizaba entre la actual calles Baena, Caramuel, Do\u00f1a Menc\u00eda y Juan Tornero.&nbsp;En ese espacio estaba el que ser\u00eda el hogar De Francisco De Goya esos 5 a\u00f1os.<\/p>\n\n\n\n<p>Este lugar est\u00e1 junto a dos parajes muy relevantes en la historia de Madrid. La Ermita y Pradera de San Isidro y las riberas del r\u00edo hasta el Puente de los Franceses. <\/p>\n\n\n\n<p>La Ermita de San Isidro es el principal lugar de culto del santo en su fiesta, el 15 de Mayo. Todos los a\u00f1os se realizan romer\u00edas y verbenas a su alrededor para honrar al santo. As\u00ed ha sido al menos desde antes incluso de la construcci\u00f3n de la primera versi\u00f3n de la ermita en el siglo XVI, debido a la existencia de un pozo con agua que se consideraba milagrosa. <\/p>\n\n\n\n<p>Por otro lado estaban las riveras del Manzanares. Sabemos que desde casi los or\u00edgenes de la ciudad, pero especialmente a partir de su nombramiento como capital, se convertir\u00e1 en lugar de reuni\u00f3n y festejos con distintos motivos. En particular el tramo de 3kms que van desde la Ermita de la Virgen del Puerto al Puente de los Franceses.<\/p>\n\n\n\n<p>Hay indicios de que lo que pasaba en las inmediaciones de la casa de alguna manera aliment\u00f3 la tem\u00e1tica de las pinturas que pint\u00f3 en sus muros. Y eso ser\u00eda m\u00e1s evidente al menos en dos cuartos. Los ya mencionados La Romer\u00eda de San Isidro y Duelo a Garrotazos   <\/p>\n\n\n\n<p>Los estudiosos de la obra de Goya insisten en que es un error considerar a Goya un autor costumbrista. S\u00ed, representaba cosas que ve\u00eda o que conoc\u00eda, pero no retrataba la realidad tal y como era. Su visi\u00f3n iba m\u00e1s all\u00e1 y transmit\u00eda un mensaje, y eso era m\u00e1s importante que la adecuaci\u00f3n a la realidad tal cual. <\/p>\n\n\n\n<p>As\u00ed que no hay que ver La Romer\u00eda de San Isidro y Duelo a Garrotazos como un retrato o al menos caricatura de la realidad. Pero tampoco totalmente ajeno a lo que pod\u00eda estar ocurriendo.<\/p>\n\n\n\n<p>Y no podemos estar seguros de la tem\u00e1tica porque no hay t\u00edtulos. Al contrario que en las obras m\u00e1s comunes De Goya. Las pinturas pintadas sobre los muros de su hogar no ten\u00edan t\u00edtulos, as\u00ed que hay todo tipo de teor\u00edas para interpretarlas.<\/p>\n\n\n\n<h2 class=\"wp-block-heading\">La conexi\u00f3n con los asturianos en Madrid<\/h2>\n\n\n\n<p>En Turra Hist\u00f3rica de Madrid podcast lanzamos una nueva teor\u00eda no suficientemente explorada: \u00bfy si los protagonistas del cuadro fuesen parte de la comunidad asturiana que resid\u00eda en Madrid, de manera masiva sobre todo a partir del siglo XVIII? Una comunidad que sol\u00eda reunirse muy cerca de la casa del pintor, en las riberas del manzanares.<\/p>\n\n\n\n<p>En el programa #16 de Turra Hist\u00f3rica de Madrid podcast analizamos las peripecias de este cuadro, y todas las personas que han influido de una forma u otra en su apariencia actual y su interpretaci\u00f3n. \u00a1Esc\u00fachalo!<\/p>\n\n\n\n<h2 class=\"wp-block-heading\">Escucha el programa \u00bfLos verdaderos protagonistas de Duelo a Garrotazos de Goya?<\/h2>\n\n\n\n<iframe src=\"https:\/\/www.ivoox.com\/player_ej_89008573_6_1.html?c1=ec9e12\" width=\"100%\" height=\"200\" frameborder=\"0\" allowfullscreen=\"\" scrolling=\"no\" loading=\"lazy\"><\/iframe>\n","protected":false},"excerpt":{"rendered":"<p>Arrancada de las paredes de la Quinta del Sordo Duelo a garrotazos es una de las obras con m\u00e1s interpretaciones De Goya. Sin t\u00edtulo originalmente,&hellip;<\/p>\n","protected":false},"author":1,"featured_media":353,"comment_status":"open","ping_status":"open","sticky":false,"template":"","format":"standard","meta":{"om_disable_all_campaigns":false,"_monsterinsights_skip_tracking":false,"_monsterinsights_sitenote_active":false,"_monsterinsights_sitenote_note":"","_monsterinsights_sitenote_category":0},"categories":[20,19],"tags":[],"yoast_head":"<!-- This site is optimized with the Yoast SEO plugin v17.5 - https:\/\/yoast.com\/wordpress\/plugins\/seo\/ -->\n<title>Otra visi\u00f3n de Duelo a Garrotazos de Goya - Turra Hist\u00f3rica<\/title>\n<meta name=\"robots\" content=\"index, follow, max-snippet:-1, max-image-preview:large, max-video-preview:-1\" \/>\n<link rel=\"canonical\" href=\"https:\/\/turrahistorica.com\/index.php\/2022\/07\/30\/otra-vision-de-duelo-a-garrotazos-de-goya\/\" \/>\n<meta property=\"og:locale\" content=\"es_ES\" \/>\n<meta property=\"og:type\" content=\"article\" \/>\n<meta property=\"og:title\" content=\"Otra visi\u00f3n de Duelo a Garrotazos de Goya - Turra Hist\u00f3rica\" \/>\n<meta property=\"og:description\" content=\"Arrancada de las paredes de la Quinta del Sordo Duelo a garrotazos es una de las obras con m\u00e1s interpretaciones De Goya. Sin t\u00edtulo originalmente,&hellip;\" \/>\n<meta property=\"og:url\" content=\"https:\/\/turrahistorica.com\/index.php\/2022\/07\/30\/otra-vision-de-duelo-a-garrotazos-de-goya\/\" \/>\n<meta property=\"og:site_name\" content=\"Turra Hist\u00f3rica\" \/>\n<meta property=\"article:published_time\" content=\"2022-07-30T09:07:33+00:00\" \/>\n<meta property=\"article:modified_time\" content=\"2022-07-30T09:17:59+00:00\" \/>\n<meta property=\"og:image\" content=\"http:\/\/turrahistorica.com\/wp-content\/uploads\/2022\/07\/p412ac.jpg\" \/>\n\t<meta property=\"og:image:width\" content=\"640\" \/>\n\t<meta property=\"og:image:height\" content=\"536\" \/>\n<meta name=\"twitter:card\" content=\"summary_large_image\" \/>\n<meta name=\"twitter:label1\" content=\"Escrito por\" \/>\n\t<meta name=\"twitter:data1\" content=\"juliomonleon\" \/>\n\t<meta name=\"twitter:label2\" content=\"Tiempo de lectura\" \/>\n\t<meta name=\"twitter:data2\" content=\"8 minutos\" \/>\n<script type=\"application\/ld+json\" class=\"yoast-schema-graph\">{\"@context\":\"https:\/\/schema.org\",\"@graph\":[{\"@type\":\"WebSite\",\"@id\":\"https:\/\/turrahistorica.com\/#website\",\"url\":\"https:\/\/turrahistorica.com\/\",\"name\":\"Turra Hist\\u00f3rica\",\"description\":\"La historia de Madrid que nunca te contar\\u00e1n\",\"potentialAction\":[{\"@type\":\"SearchAction\",\"target\":{\"@type\":\"EntryPoint\",\"urlTemplate\":\"https:\/\/turrahistorica.com\/?s={search_term_string}\"},\"query-input\":\"required name=search_term_string\"}],\"inLanguage\":\"es\"},{\"@type\":\"ImageObject\",\"@id\":\"https:\/\/turrahistorica.com\/index.php\/2022\/07\/30\/otra-vision-de-duelo-a-garrotazos-de-goya\/#primaryimage\",\"inLanguage\":\"es\",\"url\":\"https:\/\/turrahistorica.com\/wp-content\/uploads\/2022\/07\/p412ac.jpg\",\"contentUrl\":\"https:\/\/turrahistorica.com\/wp-content\/uploads\/2022\/07\/p412ac.jpg\",\"width\":640,\"height\":536},{\"@type\":\"WebPage\",\"@id\":\"https:\/\/turrahistorica.com\/index.php\/2022\/07\/30\/otra-vision-de-duelo-a-garrotazos-de-goya\/#webpage\",\"url\":\"https:\/\/turrahistorica.com\/index.php\/2022\/07\/30\/otra-vision-de-duelo-a-garrotazos-de-goya\/\",\"name\":\"Otra visi\\u00f3n de Duelo a Garrotazos de Goya - Turra Hist\\u00f3rica\",\"isPartOf\":{\"@id\":\"https:\/\/turrahistorica.com\/#website\"},\"primaryImageOfPage\":{\"@id\":\"https:\/\/turrahistorica.com\/index.php\/2022\/07\/30\/otra-vision-de-duelo-a-garrotazos-de-goya\/#primaryimage\"},\"datePublished\":\"2022-07-30T09:07:33+00:00\",\"dateModified\":\"2022-07-30T09:17:59+00:00\",\"author\":{\"@id\":\"https:\/\/turrahistorica.com\/#\/schema\/person\/f5d032b12f8d059492cfb16f07cae6c9\"},\"breadcrumb\":{\"@id\":\"https:\/\/turrahistorica.com\/index.php\/2022\/07\/30\/otra-vision-de-duelo-a-garrotazos-de-goya\/#breadcrumb\"},\"inLanguage\":\"es\",\"potentialAction\":[{\"@type\":\"ReadAction\",\"target\":[\"https:\/\/turrahistorica.com\/index.php\/2022\/07\/30\/otra-vision-de-duelo-a-garrotazos-de-goya\/\"]}]},{\"@type\":\"BreadcrumbList\",\"@id\":\"https:\/\/turrahistorica.com\/index.php\/2022\/07\/30\/otra-vision-de-duelo-a-garrotazos-de-goya\/#breadcrumb\",\"itemListElement\":[{\"@type\":\"ListItem\",\"position\":1,\"name\":\"Home\",\"item\":\"https:\/\/turrahistorica.com\/\"},{\"@type\":\"ListItem\",\"position\":2,\"name\":\"Otra visi\\u00f3n de Duelo a Garrotazos de Goya\"}]},{\"@type\":\"Person\",\"@id\":\"https:\/\/turrahistorica.com\/#\/schema\/person\/f5d032b12f8d059492cfb16f07cae6c9\",\"name\":\"juliomonleon\",\"image\":{\"@type\":\"ImageObject\",\"@id\":\"https:\/\/turrahistorica.com\/#personlogo\",\"inLanguage\":\"es\",\"url\":\"https:\/\/secure.gravatar.com\/avatar\/a2c9ba10cbf81e8af9e14cc300409bf8?s=96&d=mm&r=g\",\"contentUrl\":\"https:\/\/secure.gravatar.com\/avatar\/a2c9ba10cbf81e8af9e14cc300409bf8?s=96&d=mm&r=g\",\"caption\":\"juliomonleon\"},\"sameAs\":[\"http:\/\/turrahistorica.com\"],\"url\":\"https:\/\/turrahistorica.com\/index.php\/author\/juliomonleon\/\"}]}<\/script>\n<!-- \/ Yoast SEO plugin. -->","yoast_head_json":{"title":"Otra visi\u00f3n de Duelo a Garrotazos de Goya - Turra Hist\u00f3rica","robots":{"index":"index","follow":"follow","max-snippet":"max-snippet:-1","max-image-preview":"max-image-preview:large","max-video-preview":"max-video-preview:-1"},"canonical":"https:\/\/turrahistorica.com\/index.php\/2022\/07\/30\/otra-vision-de-duelo-a-garrotazos-de-goya\/","og_locale":"es_ES","og_type":"article","og_title":"Otra visi\u00f3n de Duelo a Garrotazos de Goya - Turra Hist\u00f3rica","og_description":"Arrancada de las paredes de la Quinta del Sordo Duelo a garrotazos es una de las obras con m\u00e1s interpretaciones De Goya. Sin t\u00edtulo originalmente,&hellip;","og_url":"https:\/\/turrahistorica.com\/index.php\/2022\/07\/30\/otra-vision-de-duelo-a-garrotazos-de-goya\/","og_site_name":"Turra Hist\u00f3rica","article_published_time":"2022-07-30T09:07:33+00:00","article_modified_time":"2022-07-30T09:17:59+00:00","og_image":[{"width":640,"height":536,"url":"http:\/\/turrahistorica.com\/wp-content\/uploads\/2022\/07\/p412ac.jpg","type":"image\/jpeg"}],"twitter_card":"summary_large_image","twitter_misc":{"Escrito por":"juliomonleon","Tiempo de lectura":"8 minutos"},"schema":{"@context":"https:\/\/schema.org","@graph":[{"@type":"WebSite","@id":"https:\/\/turrahistorica.com\/#website","url":"https:\/\/turrahistorica.com\/","name":"Turra Hist\u00f3rica","description":"La historia de Madrid que nunca te contar\u00e1n","potentialAction":[{"@type":"SearchAction","target":{"@type":"EntryPoint","urlTemplate":"https:\/\/turrahistorica.com\/?s={search_term_string}"},"query-input":"required name=search_term_string"}],"inLanguage":"es"},{"@type":"ImageObject","@id":"https:\/\/turrahistorica.com\/index.php\/2022\/07\/30\/otra-vision-de-duelo-a-garrotazos-de-goya\/#primaryimage","inLanguage":"es","url":"https:\/\/turrahistorica.com\/wp-content\/uploads\/2022\/07\/p412ac.jpg","contentUrl":"https:\/\/turrahistorica.com\/wp-content\/uploads\/2022\/07\/p412ac.jpg","width":640,"height":536},{"@type":"WebPage","@id":"https:\/\/turrahistorica.com\/index.php\/2022\/07\/30\/otra-vision-de-duelo-a-garrotazos-de-goya\/#webpage","url":"https:\/\/turrahistorica.com\/index.php\/2022\/07\/30\/otra-vision-de-duelo-a-garrotazos-de-goya\/","name":"Otra visi\u00f3n de Duelo a Garrotazos de Goya - Turra Hist\u00f3rica","isPartOf":{"@id":"https:\/\/turrahistorica.com\/#website"},"primaryImageOfPage":{"@id":"https:\/\/turrahistorica.com\/index.php\/2022\/07\/30\/otra-vision-de-duelo-a-garrotazos-de-goya\/#primaryimage"},"datePublished":"2022-07-30T09:07:33+00:00","dateModified":"2022-07-30T09:17:59+00:00","author":{"@id":"https:\/\/turrahistorica.com\/#\/schema\/person\/f5d032b12f8d059492cfb16f07cae6c9"},"breadcrumb":{"@id":"https:\/\/turrahistorica.com\/index.php\/2022\/07\/30\/otra-vision-de-duelo-a-garrotazos-de-goya\/#breadcrumb"},"inLanguage":"es","potentialAction":[{"@type":"ReadAction","target":["https:\/\/turrahistorica.com\/index.php\/2022\/07\/30\/otra-vision-de-duelo-a-garrotazos-de-goya\/"]}]},{"@type":"BreadcrumbList","@id":"https:\/\/turrahistorica.com\/index.php\/2022\/07\/30\/otra-vision-de-duelo-a-garrotazos-de-goya\/#breadcrumb","itemListElement":[{"@type":"ListItem","position":1,"name":"Home","item":"https:\/\/turrahistorica.com\/"},{"@type":"ListItem","position":2,"name":"Otra visi\u00f3n de Duelo a Garrotazos de Goya"}]},{"@type":"Person","@id":"https:\/\/turrahistorica.com\/#\/schema\/person\/f5d032b12f8d059492cfb16f07cae6c9","name":"juliomonleon","image":{"@type":"ImageObject","@id":"https:\/\/turrahistorica.com\/#personlogo","inLanguage":"es","url":"https:\/\/secure.gravatar.com\/avatar\/a2c9ba10cbf81e8af9e14cc300409bf8?s=96&d=mm&r=g","contentUrl":"https:\/\/secure.gravatar.com\/avatar\/a2c9ba10cbf81e8af9e14cc300409bf8?s=96&d=mm&r=g","caption":"juliomonleon"},"sameAs":["http:\/\/turrahistorica.com"],"url":"https:\/\/turrahistorica.com\/index.php\/author\/juliomonleon\/"}]}},"_links":{"self":[{"href":"https:\/\/turrahistorica.com\/index.php\/wp-json\/wp\/v2\/posts\/321"}],"collection":[{"href":"https:\/\/turrahistorica.com\/index.php\/wp-json\/wp\/v2\/posts"}],"about":[{"href":"https:\/\/turrahistorica.com\/index.php\/wp-json\/wp\/v2\/types\/post"}],"author":[{"embeddable":true,"href":"https:\/\/turrahistorica.com\/index.php\/wp-json\/wp\/v2\/users\/1"}],"replies":[{"embeddable":true,"href":"https:\/\/turrahistorica.com\/index.php\/wp-json\/wp\/v2\/comments?post=321"}],"version-history":[{"count":33,"href":"https:\/\/turrahistorica.com\/index.php\/wp-json\/wp\/v2\/posts\/321\/revisions"}],"predecessor-version":[{"id":357,"href":"https:\/\/turrahistorica.com\/index.php\/wp-json\/wp\/v2\/posts\/321\/revisions\/357"}],"wp:featuredmedia":[{"embeddable":true,"href":"https:\/\/turrahistorica.com\/index.php\/wp-json\/wp\/v2\/media\/353"}],"wp:attachment":[{"href":"https:\/\/turrahistorica.com\/index.php\/wp-json\/wp\/v2\/media?parent=321"}],"wp:term":[{"taxonomy":"category","embeddable":true,"href":"https:\/\/turrahistorica.com\/index.php\/wp-json\/wp\/v2\/categories?post=321"},{"taxonomy":"post_tag","embeddable":true,"href":"https:\/\/turrahistorica.com\/index.php\/wp-json\/wp\/v2\/tags?post=321"}],"curies":[{"name":"wp","href":"https:\/\/api.w.org\/{rel}","templated":true}]}}