{"id":196,"date":"2022-02-15T13:54:26","date_gmt":"2022-02-15T13:54:26","guid":{"rendered":"http:\/\/turrahistorica.com\/?p=196"},"modified":"2022-02-23T15:19:02","modified_gmt":"2022-02-23T15:19:02","slug":"el-peor-accidente-de-la-historia-de-madrid","status":"publish","type":"post","link":"https:\/\/turrahistorica.com\/index.php\/2022\/02\/15\/el-peor-accidente-de-la-historia-de-madrid\/","title":{"rendered":"El peor accidente de la historia de Madrid"},"content":{"rendered":"\n<blockquote class=\"wp-block-quote\"><p>El 28 de Mayo de 1952 el tranv\u00eda de la l\u00ednea 31E Plaza Mayor &#8211; Carabanchel Bajo realiz\u00f3 un viaje que ser\u00eda tristemente recordado.<\/p><\/blockquote>\n\n\n\n<p><\/p>\n\n\n\n<p>En el Madrid de principios de los a\u00f1os 50 el coche todav\u00eda no era un modo de transporte m\u00e1s popular. Era todav\u00eda un art\u00edculo caro que en la Espa\u00f1a de una \u00e9poca que apenas estaba saliendo de la autarqu\u00eda de posguerra no estaba al alcance de todos. En las calles el autob\u00fas y el tranv\u00eda dominaban.<\/p>\n\n\n\n<p>Y de hecho tras la guerra estos medios de transporte p\u00fablicos en superficie (bajo tierra el metro segu\u00eda funcionando) hab\u00edan recibido un empuj\u00f3n sobre todo llevado a cabo por el alcalde Moreno Torres. La persona que fundar\u00eda la moderna Empresa Municipal de Transportes, la EMT.  <\/p>\n\n\n\n<h2 class=\"wp-block-heading\">Jos\u00e9 Moreno Torres y su nueva EMT<\/h2>\n\n\n\n<p>Jos\u00e9 Moreno Torres presidi\u00f3 la Junta de Reconstrucci\u00f3n de Madrid desde el 7 de octubre de 1939. Este organismo se ocupar\u00eda en los siguientes a\u00f1os de la reconstrucci\u00f3n material de la ciudad y la redacci\u00f3n del nuevo Plan General de Ordenaci\u00f3n Urbana de Madrid.&nbsp;<\/p>\n\n\n\n<p>Pero en 1946 le llegar\u00eda un nuevo cargo: Alcalde de Madrid. Entre sus principales preocupaciones estar\u00eda la reestructuraci\u00f3n de la red de transporte municipal <\/p>\n\n\n\n<p>Y uno de los puntos importantes era sustituir los viejos tranv\u00edas por el nuevo servicio de autobuses de la nueva Empresa Municipal de Transportes (EMT) de la que ser\u00eda su primer gerente.<\/p>\n\n\n\n<h3 class=\"wp-block-heading\">Los tranv\u00edas de Madrid<\/h3>\n\n\n\n<p>Para cuando Moreno Torres lleg\u00f3 a la alcald\u00eda los tranv\u00edas ya ten\u00edan una larga historia, llevaban circulando en Madrid desde 1871. La primera l\u00ednea part\u00eda de Sol hasta el Barrio de Salamanca y funcionaba tirada por caballos. M\u00e1s tarde llegar\u00eda el vapor y la electrificaci\u00f3n del servicio.<\/p>\n\n\n\n<figure class=\"wp-block-image size-large\"><img fetchpriority=\"high\" decoding=\"async\" width=\"1024\" height=\"643\" src=\"http:\/\/turrahistorica.com\/wp-content\/uploads\/2022\/02\/Screenshot-2022-02-15-at-13.40.11-1024x643.png\" alt=\"\" class=\"wp-image-208\" srcset=\"https:\/\/turrahistorica.com\/wp-content\/uploads\/2022\/02\/Screenshot-2022-02-15-at-13.40.11-1024x643.png 1024w, https:\/\/turrahistorica.com\/wp-content\/uploads\/2022\/02\/Screenshot-2022-02-15-at-13.40.11-300x188.png 300w, https:\/\/turrahistorica.com\/wp-content\/uploads\/2022\/02\/Screenshot-2022-02-15-at-13.40.11-768x483.png 768w, https:\/\/turrahistorica.com\/wp-content\/uploads\/2022\/02\/Screenshot-2022-02-15-at-13.40.11.png 1426w\" sizes=\"(max-width: 1024px) 100vw, 1024px\" \/><figcaption>Un ejemplo de c\u00f3mo iban de cargados los tranv\u00edas (foto de la web Memoria de Madrid)<\/figcaption><\/figure>\n\n\n\n<p>En 1924 surgi\u00f3 el autobus como competencia y el trolebus en la posguerra. Pero segu\u00edan siendo muy populares en los a\u00f1os 50. A finales de los a\u00f1os 40 ten\u00eda 140km de v\u00edas, pero hab\u00eda llegado a tener 188km. En 1941 el metro ten\u00eda apenas 27km de v\u00edas construidos para que podamos comparar su importancia.<\/p>\n\n\n\n<p>A pesar de ello empez\u00f3 su desmantelamiento progresivo en 1948 con el nuevo alcalde.<\/p>\n\n\n\n<h2 class=\"wp-block-heading\">El accidente<\/h2>\n\n\n\n<p>El 28 de mayo de 1952, a las 20:45, el tranv\u00eda 135 de la l\u00ednea 31E Plaza Mayor-Carabanchel Bajo ca\u00eda desde el Puente de Toledo. Ocho metros de ca\u00edda hasta estrellarse en las huertas que exist\u00edan en la zona. El resultado de manera oficial: 15 muertos y 122 heridos, pero se cree que fueron m\u00e1s.<\/p>\n\n\n\n<p>Uno de los problemas para identificar correctamente los cad\u00e1veres fue el robo sistem\u00e1tico de lo que llevaban encima, desde carteras a anillos.<\/p>\n\n\n\n<div class=\"wp-block-image\"><figure class=\"aligncenter\"><img decoding=\"async\" src=\"http:\/\/2.bp.blogspot.com\/-qf6y_OHRLwo\/T2jO-NCDCLI\/AAAAAAAAGEQ\/bCMrKx5M2ZA\/s1600\/accidente+tranvia+puerta+de+toledo+-+santos+yubero.jpg\" alt=\"\"\/><figcaption>As\u00ed qued\u00f3 el tranv\u00eda 135<\/figcaption><\/figure><\/div>\n\n\n\n<h3 class=\"wp-block-heading\">Motivos del accidente<\/h3>\n\n\n\n<p>Queda claro que fallaron los frenos. El coche probablemente ya iba sin frenos desde que hab\u00eda dado la vuelta en la Plaza Mayor. El conductor mismo se hab\u00eda negado a seguir el camino pero dada la afluencia de pasajeros los responsables decidieron continuar el servicio. Un operario hizo un arreglo en los frenos, que eran un pedal de hierro que se ver\u00eda despu\u00e9s que ser\u00eda insuficiente.<\/p>\n\n\n\n<p>Porque el otro factor fundamental era lo sobrecargado que iba. Hemos hablado ya de los 122 heridos y 15 muertos. En teor\u00eda la capacidad total del veh\u00edculo era 47 plazas, 16 de ellas sentadas. Esas cifras nos pueden dar idea de la carga de m\u00e1s que llevaba.<\/p>\n\n\n\n<p>Y por \u00faltimo el estado general del veh\u00edculo. Era un modelo Westhinghouse, uno de los 80 coches puestos en funcionamiento en 1900. Un veh\u00edculo en resumen con m\u00e1s de 50 a\u00f1os, y que hab\u00eda pasado una guerra civil.<\/p>\n\n\n\n<h3 class=\"wp-block-heading\">El momento fat\u00eddico<\/h3>\n\n\n\n<p>Con un tranv\u00eda con el freno defectuoso y cargado hasta los topes lleg\u00f3 cuesta abajo a toda velocidad desde el centro hasta la Glorieta de Pir\u00e1mides. Ah\u00ed un \u00faltimo problema desenvocar\u00eda en la tragedia.<\/p>\n\n\n\n<div class=\"wp-block-image\"><figure class=\"aligncenter\"><img decoding=\"async\" src=\"http:\/\/2.bp.blogspot.com\/-VBeXnTMBiU4\/T2jNuziSkFI\/AAAAAAAAGD4\/zwH0wTvRY60\/s1600\/accidente+tranvia+puerta+de+toledo+2+-+santos+yubero.jpg\" alt=\"\"\/><figcaption>Foto tras el accidente de Mart\u00edn Santos Yubero<\/figcaption><\/figure><\/div>\n\n\n\n<p>Desde la guerra faltaba en ese tramo 20 cm de v\u00eda. La velocidad y el peso del tranv\u00eda hicieron el resto. El veh\u00edculo salt\u00f3, descarril\u00f3 y se estrell\u00f3 contra la barandilla del puente, tir\u00e1ndola abajo y cayendo el tranv\u00eda al vac\u00edo.<\/p>\n\n\n\n<h2 class=\"wp-block-heading\">Sin un recuerdo del accidente<\/h2>\n\n\n\n<p>Tras la tragedia se coloc\u00f3 una cruz grabada en el suelo justo donde se hab\u00eda estrellado el tren. Durante la alcald\u00eda de Alvarez del Manzano (1991-2003) se retir\u00f3 y ahora mismo no existe ning\u00fan tipo de placa que recuerde lo ocurrido. <\/p>\n\n\n\n<p>En 2018 se realiz\u00f3 una propuesta a trav\u00e9s de la plataforma de participaci\u00f3n ciudadana decide.madrid para colocar alg\u00fan tipo de monumento, pero no ha tenido lugar. <\/p>\n\n\n\n<p>El accidente provoc\u00f3 la dimisi\u00f3n de Moreno Torres como Alcalde y el nombramiento de uno nuevo, el Conde de Mayalde.<\/p>\n\n\n\n<h2 class=\"wp-block-heading\">Escucha el podcast donde cuento este y otros temas de este periodo de Madrid <\/h2>\n\n\n\n<iframe src=\"https:\/\/www.ivoox.com\/player_ej_82032622_6_1.html?c1=ec9e12\" width=\"100%\" height=\"200\" frameborder=\"0\" allowfullscreen=\"\" scrolling=\"no\" loading=\"lazy\"><\/iframe>\n","protected":false},"excerpt":{"rendered":"<p>El 28 de Mayo de 1952 el tranv\u00eda de la l\u00ednea 31E Plaza Mayor &#8211; Carabanchel Bajo realiz\u00f3 un viaje que ser\u00eda tristemente recordado. En&hellip;<\/p>\n","protected":false},"author":1,"featured_media":206,"comment_status":"open","ping_status":"open","sticky":false,"template":"","format":"standard","meta":{"om_disable_all_campaigns":false,"_monsterinsights_skip_tracking":false,"_monsterinsights_sitenote_active":false,"_monsterinsights_sitenote_note":"","_monsterinsights_sitenote_category":0},"categories":[1],"tags":[],"yoast_head":"<!-- This site is optimized with the Yoast SEO plugin v17.5 - https:\/\/yoast.com\/wordpress\/plugins\/seo\/ -->\n<title>El peor accidente de la historia de Madrid - Turra Hist\u00f3rica<\/title>\n<meta name=\"robots\" content=\"index, follow, max-snippet:-1, max-image-preview:large, max-video-preview:-1\" \/>\n<link rel=\"canonical\" href=\"https:\/\/turrahistorica.com\/index.php\/2022\/02\/15\/el-peor-accidente-de-la-historia-de-madrid\/\" \/>\n<meta property=\"og:locale\" content=\"es_ES\" \/>\n<meta property=\"og:type\" content=\"article\" \/>\n<meta property=\"og:title\" content=\"El peor accidente de la historia de Madrid - Turra Hist\u00f3rica\" \/>\n<meta property=\"og:description\" content=\"El 28 de Mayo de 1952 el tranv\u00eda de la l\u00ednea 31E Plaza Mayor &#8211; Carabanchel Bajo realiz\u00f3 un viaje que ser\u00eda tristemente recordado. En&hellip;\" \/>\n<meta property=\"og:url\" content=\"https:\/\/turrahistorica.com\/index.php\/2022\/02\/15\/el-peor-accidente-de-la-historia-de-madrid\/\" \/>\n<meta property=\"og:site_name\" content=\"Turra Hist\u00f3rica\" \/>\n<meta property=\"article:published_time\" content=\"2022-02-15T13:54:26+00:00\" \/>\n<meta property=\"article:modified_time\" content=\"2022-02-23T15:19:02+00:00\" \/>\n<meta property=\"og:image\" content=\"https:\/\/turrahistorica.com\/wp-content\/uploads\/2022\/02\/Screenshot-2022-02-15-at-14.10.07.png\" \/>\n\t<meta property=\"og:image:width\" content=\"1548\" \/>\n\t<meta property=\"og:image:height\" content=\"850\" \/>\n<meta name=\"twitter:card\" content=\"summary_large_image\" \/>\n<meta name=\"twitter:label1\" content=\"Escrito por\" \/>\n\t<meta name=\"twitter:data1\" content=\"juliomonleon\" \/>\n\t<meta name=\"twitter:label2\" content=\"Tiempo de lectura\" \/>\n\t<meta name=\"twitter:data2\" content=\"5 minutos\" \/>\n<script type=\"application\/ld+json\" class=\"yoast-schema-graph\">{\"@context\":\"https:\/\/schema.org\",\"@graph\":[{\"@type\":\"WebSite\",\"@id\":\"https:\/\/turrahistorica.com\/#website\",\"url\":\"https:\/\/turrahistorica.com\/\",\"name\":\"Turra Hist\\u00f3rica\",\"description\":\"La historia de Madrid que nunca te contar\\u00e1n\",\"potentialAction\":[{\"@type\":\"SearchAction\",\"target\":{\"@type\":\"EntryPoint\",\"urlTemplate\":\"https:\/\/turrahistorica.com\/?s={search_term_string}\"},\"query-input\":\"required name=search_term_string\"}],\"inLanguage\":\"es\"},{\"@type\":\"ImageObject\",\"@id\":\"https:\/\/turrahistorica.com\/index.php\/2022\/02\/15\/el-peor-accidente-de-la-historia-de-madrid\/#primaryimage\",\"inLanguage\":\"es\",\"url\":\"https:\/\/turrahistorica.com\/wp-content\/uploads\/2022\/02\/Screenshot-2022-02-15-at-14.10.07.png\",\"contentUrl\":\"https:\/\/turrahistorica.com\/wp-content\/uploads\/2022\/02\/Screenshot-2022-02-15-at-14.10.07.png\",\"width\":1548,\"height\":850},{\"@type\":\"WebPage\",\"@id\":\"https:\/\/turrahistorica.com\/index.php\/2022\/02\/15\/el-peor-accidente-de-la-historia-de-madrid\/#webpage\",\"url\":\"https:\/\/turrahistorica.com\/index.php\/2022\/02\/15\/el-peor-accidente-de-la-historia-de-madrid\/\",\"name\":\"El peor accidente de la historia de Madrid - Turra Hist\\u00f3rica\",\"isPartOf\":{\"@id\":\"https:\/\/turrahistorica.com\/#website\"},\"primaryImageOfPage\":{\"@id\":\"https:\/\/turrahistorica.com\/index.php\/2022\/02\/15\/el-peor-accidente-de-la-historia-de-madrid\/#primaryimage\"},\"datePublished\":\"2022-02-15T13:54:26+00:00\",\"dateModified\":\"2022-02-23T15:19:02+00:00\",\"author\":{\"@id\":\"https:\/\/turrahistorica.com\/#\/schema\/person\/f5d032b12f8d059492cfb16f07cae6c9\"},\"breadcrumb\":{\"@id\":\"https:\/\/turrahistorica.com\/index.php\/2022\/02\/15\/el-peor-accidente-de-la-historia-de-madrid\/#breadcrumb\"},\"inLanguage\":\"es\",\"potentialAction\":[{\"@type\":\"ReadAction\",\"target\":[\"https:\/\/turrahistorica.com\/index.php\/2022\/02\/15\/el-peor-accidente-de-la-historia-de-madrid\/\"]}]},{\"@type\":\"BreadcrumbList\",\"@id\":\"https:\/\/turrahistorica.com\/index.php\/2022\/02\/15\/el-peor-accidente-de-la-historia-de-madrid\/#breadcrumb\",\"itemListElement\":[{\"@type\":\"ListItem\",\"position\":1,\"name\":\"Home\",\"item\":\"https:\/\/turrahistorica.com\/\"},{\"@type\":\"ListItem\",\"position\":2,\"name\":\"El peor accidente de la historia de Madrid\"}]},{\"@type\":\"Person\",\"@id\":\"https:\/\/turrahistorica.com\/#\/schema\/person\/f5d032b12f8d059492cfb16f07cae6c9\",\"name\":\"juliomonleon\",\"image\":{\"@type\":\"ImageObject\",\"@id\":\"https:\/\/turrahistorica.com\/#personlogo\",\"inLanguage\":\"es\",\"url\":\"https:\/\/secure.gravatar.com\/avatar\/a2c9ba10cbf81e8af9e14cc300409bf8?s=96&d=mm&r=g\",\"contentUrl\":\"https:\/\/secure.gravatar.com\/avatar\/a2c9ba10cbf81e8af9e14cc300409bf8?s=96&d=mm&r=g\",\"caption\":\"juliomonleon\"},\"sameAs\":[\"http:\/\/turrahistorica.com\"],\"url\":\"https:\/\/turrahistorica.com\/index.php\/author\/juliomonleon\/\"}]}<\/script>\n<!-- \/ Yoast SEO plugin. -->","yoast_head_json":{"title":"El peor accidente de la historia de Madrid - Turra Hist\u00f3rica","robots":{"index":"index","follow":"follow","max-snippet":"max-snippet:-1","max-image-preview":"max-image-preview:large","max-video-preview":"max-video-preview:-1"},"canonical":"https:\/\/turrahistorica.com\/index.php\/2022\/02\/15\/el-peor-accidente-de-la-historia-de-madrid\/","og_locale":"es_ES","og_type":"article","og_title":"El peor accidente de la historia de Madrid - Turra Hist\u00f3rica","og_description":"El 28 de Mayo de 1952 el tranv\u00eda de la l\u00ednea 31E Plaza Mayor &#8211; Carabanchel Bajo realiz\u00f3 un viaje que ser\u00eda tristemente recordado. En&hellip;","og_url":"https:\/\/turrahistorica.com\/index.php\/2022\/02\/15\/el-peor-accidente-de-la-historia-de-madrid\/","og_site_name":"Turra Hist\u00f3rica","article_published_time":"2022-02-15T13:54:26+00:00","article_modified_time":"2022-02-23T15:19:02+00:00","og_image":[{"width":1548,"height":850,"url":"https:\/\/turrahistorica.com\/wp-content\/uploads\/2022\/02\/Screenshot-2022-02-15-at-14.10.07.png","type":"image\/png"}],"twitter_card":"summary_large_image","twitter_misc":{"Escrito por":"juliomonleon","Tiempo de lectura":"5 minutos"},"schema":{"@context":"https:\/\/schema.org","@graph":[{"@type":"WebSite","@id":"https:\/\/turrahistorica.com\/#website","url":"https:\/\/turrahistorica.com\/","name":"Turra Hist\u00f3rica","description":"La historia de Madrid que nunca te contar\u00e1n","potentialAction":[{"@type":"SearchAction","target":{"@type":"EntryPoint","urlTemplate":"https:\/\/turrahistorica.com\/?s={search_term_string}"},"query-input":"required name=search_term_string"}],"inLanguage":"es"},{"@type":"ImageObject","@id":"https:\/\/turrahistorica.com\/index.php\/2022\/02\/15\/el-peor-accidente-de-la-historia-de-madrid\/#primaryimage","inLanguage":"es","url":"https:\/\/turrahistorica.com\/wp-content\/uploads\/2022\/02\/Screenshot-2022-02-15-at-14.10.07.png","contentUrl":"https:\/\/turrahistorica.com\/wp-content\/uploads\/2022\/02\/Screenshot-2022-02-15-at-14.10.07.png","width":1548,"height":850},{"@type":"WebPage","@id":"https:\/\/turrahistorica.com\/index.php\/2022\/02\/15\/el-peor-accidente-de-la-historia-de-madrid\/#webpage","url":"https:\/\/turrahistorica.com\/index.php\/2022\/02\/15\/el-peor-accidente-de-la-historia-de-madrid\/","name":"El peor accidente de la historia de Madrid - Turra Hist\u00f3rica","isPartOf":{"@id":"https:\/\/turrahistorica.com\/#website"},"primaryImageOfPage":{"@id":"https:\/\/turrahistorica.com\/index.php\/2022\/02\/15\/el-peor-accidente-de-la-historia-de-madrid\/#primaryimage"},"datePublished":"2022-02-15T13:54:26+00:00","dateModified":"2022-02-23T15:19:02+00:00","author":{"@id":"https:\/\/turrahistorica.com\/#\/schema\/person\/f5d032b12f8d059492cfb16f07cae6c9"},"breadcrumb":{"@id":"https:\/\/turrahistorica.com\/index.php\/2022\/02\/15\/el-peor-accidente-de-la-historia-de-madrid\/#breadcrumb"},"inLanguage":"es","potentialAction":[{"@type":"ReadAction","target":["https:\/\/turrahistorica.com\/index.php\/2022\/02\/15\/el-peor-accidente-de-la-historia-de-madrid\/"]}]},{"@type":"BreadcrumbList","@id":"https:\/\/turrahistorica.com\/index.php\/2022\/02\/15\/el-peor-accidente-de-la-historia-de-madrid\/#breadcrumb","itemListElement":[{"@type":"ListItem","position":1,"name":"Home","item":"https:\/\/turrahistorica.com\/"},{"@type":"ListItem","position":2,"name":"El peor accidente de la historia de Madrid"}]},{"@type":"Person","@id":"https:\/\/turrahistorica.com\/#\/schema\/person\/f5d032b12f8d059492cfb16f07cae6c9","name":"juliomonleon","image":{"@type":"ImageObject","@id":"https:\/\/turrahistorica.com\/#personlogo","inLanguage":"es","url":"https:\/\/secure.gravatar.com\/avatar\/a2c9ba10cbf81e8af9e14cc300409bf8?s=96&d=mm&r=g","contentUrl":"https:\/\/secure.gravatar.com\/avatar\/a2c9ba10cbf81e8af9e14cc300409bf8?s=96&d=mm&r=g","caption":"juliomonleon"},"sameAs":["http:\/\/turrahistorica.com"],"url":"https:\/\/turrahistorica.com\/index.php\/author\/juliomonleon\/"}]}},"_links":{"self":[{"href":"https:\/\/turrahistorica.com\/index.php\/wp-json\/wp\/v2\/posts\/196"}],"collection":[{"href":"https:\/\/turrahistorica.com\/index.php\/wp-json\/wp\/v2\/posts"}],"about":[{"href":"https:\/\/turrahistorica.com\/index.php\/wp-json\/wp\/v2\/types\/post"}],"author":[{"embeddable":true,"href":"https:\/\/turrahistorica.com\/index.php\/wp-json\/wp\/v2\/users\/1"}],"replies":[{"embeddable":true,"href":"https:\/\/turrahistorica.com\/index.php\/wp-json\/wp\/v2\/comments?post=196"}],"version-history":[{"count":12,"href":"https:\/\/turrahistorica.com\/index.php\/wp-json\/wp\/v2\/posts\/196\/revisions"}],"predecessor-version":[{"id":216,"href":"https:\/\/turrahistorica.com\/index.php\/wp-json\/wp\/v2\/posts\/196\/revisions\/216"}],"wp:featuredmedia":[{"embeddable":true,"href":"https:\/\/turrahistorica.com\/index.php\/wp-json\/wp\/v2\/media\/206"}],"wp:attachment":[{"href":"https:\/\/turrahistorica.com\/index.php\/wp-json\/wp\/v2\/media?parent=196"}],"wp:term":[{"taxonomy":"category","embeddable":true,"href":"https:\/\/turrahistorica.com\/index.php\/wp-json\/wp\/v2\/categories?post=196"},{"taxonomy":"post_tag","embeddable":true,"href":"https:\/\/turrahistorica.com\/index.php\/wp-json\/wp\/v2\/tags?post=196"}],"curies":[{"name":"wp","href":"https:\/\/api.w.org\/{rel}","templated":true}]}}